{"id":1723,"date":"2023-06-23T10:23:30","date_gmt":"2023-06-23T13:23:30","guid":{"rendered":"https:\/\/ifdvirasoro-crr.infd.edu.ar\/sitio\/?p=1723"},"modified":"2023-09-08T22:01:29","modified_gmt":"2023-09-09T01:01:29","slug":"el-dilema-dentro-de-espacios-virtuales-quienes-somos-y-como-actuamos-en-los-entornos-digitales-fomentando-practicas-conscientes","status":"publish","type":"post","link":"https:\/\/ifdvirasoro-crr.infd.edu.ar\/sitio\/el-dilema-dentro-de-espacios-virtuales-quienes-somos-y-como-actuamos-en-los-entornos-digitales-fomentando-practicas-conscientes\/","title":{"rendered":"<strong>\u201cEl dilema dentro de espacios virtuales. \u00bfQui\u00e9nes somos y c\u00f3mo actuamos en los entornos digitales?\u201d\u00a0 Fomentando pr\u00e1cticas conscientes.<\/strong>"},"content":{"rendered":"\n<p>Luego de que fuese aprobado el proyecto de intervenci\u00f3n educativa que fue presentado ante el INFoD, se comenz\u00f3 con el desarrollo del mismo dentro del instituto.<\/p>\n\n\n\n<p>Este proyecto llamado <strong>\u201cEl dilema dentro de espacios virtuales. \u00bfQui\u00e9nes somos y c\u00f3mo actuamos en los entornos digitales?\u201d&nbsp; Fomentando pr\u00e1cticas conscientes.<\/strong> Fue un trabajo en conjunto de estudiantes del 4to a\u00f1o de la carrera del Profesorado de Educaci\u00f3n Secundaria en Inform\u00e1tica y dos docentes de la instituci\u00f3n que actuaron como coordinadores.<\/p>\n\n\n\n<p>El proyecto busca concientizar e informar a estudiantes y docentes, sobre la importancia de conocer y ejercer la ciudadan\u00eda digital dentro del \u00e1mbito educativo, haciendo \u00e9nfasis en las buenas pr\u00e1cticas y el uso correcto de los medios digitales, analizando las problem\u00e1ticas que surgen a causa del desconocimiento dentro del ciberespacio.<\/p>\n\n\n\n<p>Por el momento se llevaron a cabo satisfactoriamente las primeras charlas con la tem\u00e1tica de \u201cCiudadan\u00eda digital\u201d en varias aulas de los primeros a\u00f1os de las carreras de Profesorado de Educaci\u00f3n Secundaria en F\u00edsica, el Profesorado de Educaci\u00f3n Secundaria en Inform\u00e1tica y tambi\u00e9n en la Tecnicatura en Seguridad e Higiene.<\/p>\n\n\n\n<figure class=\"wp-block-image size-full\"><img decoding=\"async\" loading=\"lazy\" width=\"1600\" height=\"900\" src=\"https:\/\/ifdvirasoro-crr.infd.edu.ar\/sitio\/wp-content\/uploads\/2023\/06\/flavia1.jpeg\" alt=\"\" class=\"wp-image-1724\" srcset=\"https:\/\/ifdvirasoro-crr.infd.edu.ar\/sitio\/wp-content\/uploads\/2023\/06\/flavia1.jpeg 1600w, https:\/\/ifdvirasoro-crr.infd.edu.ar\/sitio\/wp-content\/uploads\/2023\/06\/flavia1-1000x563.jpeg 1000w, https:\/\/ifdvirasoro-crr.infd.edu.ar\/sitio\/wp-content\/uploads\/2023\/06\/flavia1-768x432.jpeg 768w, https:\/\/ifdvirasoro-crr.infd.edu.ar\/sitio\/wp-content\/uploads\/2023\/06\/flavia1-1536x864.jpeg 1536w\" sizes=\"(max-width: 1600px) 100vw, 1600px\" \/><\/figure>\n\n\n\n<figure class=\"wp-block-image size-full\"><img decoding=\"async\" loading=\"lazy\" width=\"1600\" height=\"1280\" src=\"https:\/\/ifdvirasoro-crr.infd.edu.ar\/sitio\/wp-content\/uploads\/2023\/06\/flavia2.jpeg\" alt=\"\" class=\"wp-image-1725\" srcset=\"https:\/\/ifdvirasoro-crr.infd.edu.ar\/sitio\/wp-content\/uploads\/2023\/06\/flavia2.jpeg 1600w, https:\/\/ifdvirasoro-crr.infd.edu.ar\/sitio\/wp-content\/uploads\/2023\/06\/flavia2-1000x800.jpeg 1000w, https:\/\/ifdvirasoro-crr.infd.edu.ar\/sitio\/wp-content\/uploads\/2023\/06\/flavia2-768x614.jpeg 768w, https:\/\/ifdvirasoro-crr.infd.edu.ar\/sitio\/wp-content\/uploads\/2023\/06\/flavia2-1536x1229.jpeg 1536w\" sizes=\"(max-width: 1600px) 100vw, 1600px\" \/><\/figure>\n","protected":false},"excerpt":{"rendered":"<p>Luego de que fuese aprobado el proyecto de intervenci\u00f3n educativa que fue presentado ante el INFoD, se comenz\u00f3 con el desarrollo del mismo dentro del instituto. Este proyecto llamado \u201cEl dilema dentro de espacios virtuales. \u00bfQui\u00e9nes somos y c\u00f3mo actuamos en los entornos digitales?\u201d&nbsp; Fomentando pr\u00e1cticas conscientes. Fue un trabajo en conjunto de estudiantes del &#8230; <a title=\"\u201cEl dilema dentro de espacios virtuales. \u00bfQui\u00e9nes somos y c\u00f3mo actuamos en los entornos digitales?\u201d\u00a0 Fomentando pr\u00e1cticas conscientes.\" class=\"read-more\" href=\"https:\/\/ifdvirasoro-crr.infd.edu.ar\/sitio\/el-dilema-dentro-de-espacios-virtuales-quienes-somos-y-como-actuamos-en-los-entornos-digitales-fomentando-practicas-conscientes\/\" aria-label=\"More on \u201cEl dilema dentro de espacios virtuales. \u00bfQui\u00e9nes somos y c\u00f3mo actuamos en los entornos digitales?\u201d\u00a0 Fomentando pr\u00e1cticas conscientes.\">[+]<\/a><\/p>\n","protected":false},"author":83,"featured_media":1930,"comment_status":"open","ping_status":"open","sticky":false,"template":"","format":"standard","meta":[],"categories":[43],"tags":[],"acf":[],"_links":{"self":[{"href":"https:\/\/ifdvirasoro-crr.infd.edu.ar\/sitio\/wp-json\/wp\/v2\/posts\/1723"}],"collection":[{"href":"https:\/\/ifdvirasoro-crr.infd.edu.ar\/sitio\/wp-json\/wp\/v2\/posts"}],"about":[{"href":"https:\/\/ifdvirasoro-crr.infd.edu.ar\/sitio\/wp-json\/wp\/v2\/types\/post"}],"author":[{"embeddable":true,"href":"https:\/\/ifdvirasoro-crr.infd.edu.ar\/sitio\/wp-json\/wp\/v2\/users\/83"}],"replies":[{"embeddable":true,"href":"https:\/\/ifdvirasoro-crr.infd.edu.ar\/sitio\/wp-json\/wp\/v2\/comments?post=1723"}],"version-history":[{"count":1,"href":"https:\/\/ifdvirasoro-crr.infd.edu.ar\/sitio\/wp-json\/wp\/v2\/posts\/1723\/revisions"}],"predecessor-version":[{"id":1726,"href":"https:\/\/ifdvirasoro-crr.infd.edu.ar\/sitio\/wp-json\/wp\/v2\/posts\/1723\/revisions\/1726"}],"wp:featuredmedia":[{"embeddable":true,"href":"https:\/\/ifdvirasoro-crr.infd.edu.ar\/sitio\/wp-json\/wp\/v2\/media\/1930"}],"wp:attachment":[{"href":"https:\/\/ifdvirasoro-crr.infd.edu.ar\/sitio\/wp-json\/wp\/v2\/media?parent=1723"}],"wp:term":[{"taxonomy":"category","embeddable":true,"href":"https:\/\/ifdvirasoro-crr.infd.edu.ar\/sitio\/wp-json\/wp\/v2\/categories?post=1723"},{"taxonomy":"post_tag","embeddable":true,"href":"https:\/\/ifdvirasoro-crr.infd.edu.ar\/sitio\/wp-json\/wp\/v2\/tags?post=1723"}],"curies":[{"name":"wp","href":"https:\/\/api.w.org\/{rel}","templated":true}]}}