{"id":2495,"date":"2025-05-26T22:42:56","date_gmt":"2025-05-27T01:42:56","guid":{"rendered":"https:\/\/ifdvirasoro-crr.infd.edu.ar\/sitio\/?p=2495"},"modified":"2025-05-26T22:46:34","modified_gmt":"2025-05-27T01:46:34","slug":"actos-del-25-de-mayo","status":"publish","type":"post","link":"https:\/\/ifdvirasoro-crr.infd.edu.ar\/sitio\/actos-del-25-de-mayo\/","title":{"rendered":"Actos del 25 de Mayo"},"content":{"rendered":"\n<p class=\"has-text-align-center\">El 25 de Mayo se celebra la Revoluci\u00f3n de Mayo en la Argentina, en honor a la jornada que dio origen al Primer Gobierno Patrio, un hito relevante para la lucha por la independencia del pa\u00eds.<\/p>\n\n\n\n<p><\/p>\n\n\n\n<h2 class=\"wp-block-heading has-text-align-center has-accent-color has-text-color\">Nuestra celebraci\u00f3n en el Instituto<\/h2>\n\n\n\n<figure class=\"wp-block-gallery has-nested-images columns-default is-cropped wp-block-gallery-1 is-layout-flex\">\n<figure class=\"wp-block-image size-large\"><img decoding=\"async\" loading=\"lazy\" width=\"1186\" height=\"649\" data-id=\"2498\"  src=\"https:\/\/ifdvirasoro-crr.infd.edu.ar\/sitio\/wp-content\/uploads\/2025\/05\/Acto01.jpeg\" alt=\"\" class=\"wp-image-2498\" srcset=\"https:\/\/ifdvirasoro-crr.infd.edu.ar\/sitio\/wp-content\/uploads\/2025\/05\/Acto01.jpeg 1186w, https:\/\/ifdvirasoro-crr.infd.edu.ar\/sitio\/wp-content\/uploads\/2025\/05\/Acto01-1000x547.jpeg 1000w, https:\/\/ifdvirasoro-crr.infd.edu.ar\/sitio\/wp-content\/uploads\/2025\/05\/Acto01-768x420.jpeg 768w\" sizes=\"(max-width: 1186px) 100vw, 1186px\" \/><\/figure>\n\n\n\n<figure class=\"wp-block-image size-large\"><img decoding=\"async\" loading=\"lazy\" width=\"879\" height=\"917\" data-id=\"2497\"  src=\"https:\/\/ifdvirasoro-crr.infd.edu.ar\/sitio\/wp-content\/uploads\/2025\/05\/Acto03.jpeg\" alt=\"\" class=\"wp-image-2497\" srcset=\"https:\/\/ifdvirasoro-crr.infd.edu.ar\/sitio\/wp-content\/uploads\/2025\/05\/Acto03.jpeg 879w, https:\/\/ifdvirasoro-crr.infd.edu.ar\/sitio\/wp-content\/uploads\/2025\/05\/Acto03-768x801.jpeg 768w\" sizes=\"(max-width: 879px) 100vw, 879px\" \/><\/figure>\n<\/figure>\n\n\n\n<figure class=\"wp-block-image size-full\"><img decoding=\"async\" loading=\"lazy\" width=\"1230\" height=\"626\" src=\"https:\/\/ifdvirasoro-crr.infd.edu.ar\/sitio\/wp-content\/uploads\/2025\/05\/Acto02-1.jpeg\" alt=\"\" class=\"wp-image-2501\" srcset=\"https:\/\/ifdvirasoro-crr.infd.edu.ar\/sitio\/wp-content\/uploads\/2025\/05\/Acto02-1.jpeg 1230w, https:\/\/ifdvirasoro-crr.infd.edu.ar\/sitio\/wp-content\/uploads\/2025\/05\/Acto02-1-1000x509.jpeg 1000w, https:\/\/ifdvirasoro-crr.infd.edu.ar\/sitio\/wp-content\/uploads\/2025\/05\/Acto02-1-768x391.jpeg 768w\" sizes=\"(max-width: 1230px) 100vw, 1230px\" \/><\/figure>\n\n\n\n<figure class=\"wp-block-gallery has-nested-images columns-default is-cropped wp-block-gallery-3 is-layout-flex\">\n<figure class=\"wp-block-image size-large\"><img decoding=\"async\" loading=\"lazy\" width=\"1197\" height=\"728\" data-id=\"2502\"  src=\"https:\/\/ifdvirasoro-crr.infd.edu.ar\/sitio\/wp-content\/uploads\/2025\/05\/Acto04-1.jpeg\" alt=\"\" class=\"wp-image-2502\" srcset=\"https:\/\/ifdvirasoro-crr.infd.edu.ar\/sitio\/wp-content\/uploads\/2025\/05\/Acto04-1.jpeg 1197w, https:\/\/ifdvirasoro-crr.infd.edu.ar\/sitio\/wp-content\/uploads\/2025\/05\/Acto04-1-1000x608.jpeg 1000w, https:\/\/ifdvirasoro-crr.infd.edu.ar\/sitio\/wp-content\/uploads\/2025\/05\/Acto04-1-768x467.jpeg 768w\" sizes=\"(max-width: 1197px) 100vw, 1197px\" \/><\/figure>\n<\/figure>\n\n\n\n<figure class=\"wp-block-gallery has-nested-images columns-default is-cropped wp-block-gallery-5 is-layout-flex\"><\/figure>\n\n\n\n<p><\/p>\n\n\n\n<h2 class=\"wp-block-heading has-text-align-center has-accent-color has-text-color\">Nuestra participaci\u00f3n en el acto del pueblo<\/h2>\n\n\n\n<figure class=\"wp-block-gallery has-nested-images columns-default is-cropped wp-block-gallery-7 is-layout-flex\">\n<figure class=\"wp-block-image size-large\"><img decoding=\"async\" loading=\"lazy\" width=\"1280\" height=\"960\" data-id=\"2505\"  src=\"https:\/\/ifdvirasoro-crr.infd.edu.ar\/sitio\/wp-content\/uploads\/2025\/05\/25DeMayo_ThyS.jpeg\" alt=\"\" class=\"wp-image-2505\" srcset=\"https:\/\/ifdvirasoro-crr.infd.edu.ar\/sitio\/wp-content\/uploads\/2025\/05\/25DeMayo_ThyS.jpeg 1280w, https:\/\/ifdvirasoro-crr.infd.edu.ar\/sitio\/wp-content\/uploads\/2025\/05\/25DeMayo_ThyS-1000x750.jpeg 1000w, https:\/\/ifdvirasoro-crr.infd.edu.ar\/sitio\/wp-content\/uploads\/2025\/05\/25DeMayo_ThyS-768x576.jpeg 768w\" sizes=\"(max-width: 1280px) 100vw, 1280px\" \/><\/figure>\n\n\n\n<figure class=\"wp-block-image size-large\"><img decoding=\"async\" loading=\"lazy\" width=\"839\" height=\"1280\" data-id=\"2503\"  src=\"https:\/\/ifdvirasoro-crr.infd.edu.ar\/sitio\/wp-content\/uploads\/2025\/05\/Acto05.jpeg\" alt=\"\" class=\"wp-image-2503\" srcset=\"https:\/\/ifdvirasoro-crr.infd.edu.ar\/sitio\/wp-content\/uploads\/2025\/05\/Acto05.jpeg 839w, https:\/\/ifdvirasoro-crr.infd.edu.ar\/sitio\/wp-content\/uploads\/2025\/05\/Acto05-655x1000.jpeg 655w, https:\/\/ifdvirasoro-crr.infd.edu.ar\/sitio\/wp-content\/uploads\/2025\/05\/Acto05-768x1172.jpeg 768w\" sizes=\"(max-width: 839px) 100vw, 839px\" \/><\/figure>\n<\/figure>\n\n\n\n<figure class=\"wp-block-image size-full\"><img decoding=\"async\" loading=\"lazy\" width=\"1035\" height=\"924\" src=\"https:\/\/ifdvirasoro-crr.infd.edu.ar\/sitio\/wp-content\/uploads\/2025\/05\/Foto_25Mayo_Plaza_Hoteleria-3.jpeg\" alt=\"\" class=\"wp-image-2510\" srcset=\"https:\/\/ifdvirasoro-crr.infd.edu.ar\/sitio\/wp-content\/uploads\/2025\/05\/Foto_25Mayo_Plaza_Hoteleria-3.jpeg 1035w, https:\/\/ifdvirasoro-crr.infd.edu.ar\/sitio\/wp-content\/uploads\/2025\/05\/Foto_25Mayo_Plaza_Hoteleria-3-1000x893.jpeg 1000w, https:\/\/ifdvirasoro-crr.infd.edu.ar\/sitio\/wp-content\/uploads\/2025\/05\/Foto_25Mayo_Plaza_Hoteleria-3-768x686.jpeg 768w\" sizes=\"(max-width: 1035px) 100vw, 1035px\" \/><\/figure>\n","protected":false},"excerpt":{"rendered":"<p>El 25 de Mayo se celebra la Revoluci\u00f3n de Mayo en la Argentina, en honor a la jornada que dio origen al Primer Gobierno Patrio, un hito relevante para la lucha por la independencia del pa\u00eds. Nuestra celebraci\u00f3n en el Instituto Nuestra participaci\u00f3n en el acto del pueblo<\/p>\n","protected":false},"author":561,"featured_media":2500,"comment_status":"open","ping_status":"open","sticky":false,"template":"","format":"standard","meta":[],"categories":[1],"tags":[],"acf":[],"_links":{"self":[{"href":"https:\/\/ifdvirasoro-crr.infd.edu.ar\/sitio\/wp-json\/wp\/v2\/posts\/2495"}],"collection":[{"href":"https:\/\/ifdvirasoro-crr.infd.edu.ar\/sitio\/wp-json\/wp\/v2\/posts"}],"about":[{"href":"https:\/\/ifdvirasoro-crr.infd.edu.ar\/sitio\/wp-json\/wp\/v2\/types\/post"}],"author":[{"embeddable":true,"href":"https:\/\/ifdvirasoro-crr.infd.edu.ar\/sitio\/wp-json\/wp\/v2\/users\/561"}],"replies":[{"embeddable":true,"href":"https:\/\/ifdvirasoro-crr.infd.edu.ar\/sitio\/wp-json\/wp\/v2\/comments?post=2495"}],"version-history":[{"count":2,"href":"https:\/\/ifdvirasoro-crr.infd.edu.ar\/sitio\/wp-json\/wp\/v2\/posts\/2495\/revisions"}],"predecessor-version":[{"id":2511,"href":"https:\/\/ifdvirasoro-crr.infd.edu.ar\/sitio\/wp-json\/wp\/v2\/posts\/2495\/revisions\/2511"}],"wp:featuredmedia":[{"embeddable":true,"href":"https:\/\/ifdvirasoro-crr.infd.edu.ar\/sitio\/wp-json\/wp\/v2\/media\/2500"}],"wp:attachment":[{"href":"https:\/\/ifdvirasoro-crr.infd.edu.ar\/sitio\/wp-json\/wp\/v2\/media?parent=2495"}],"wp:term":[{"taxonomy":"category","embeddable":true,"href":"https:\/\/ifdvirasoro-crr.infd.edu.ar\/sitio\/wp-json\/wp\/v2\/categories?post=2495"},{"taxonomy":"post_tag","embeddable":true,"href":"https:\/\/ifdvirasoro-crr.infd.edu.ar\/sitio\/wp-json\/wp\/v2\/tags?post=2495"}],"curies":[{"name":"wp","href":"https:\/\/api.w.org\/{rel}","templated":true}]}}