{"id":2512,"date":"2025-05-29T20:35:44","date_gmt":"2025-05-29T23:35:44","guid":{"rendered":"https:\/\/ifdvirasoro-crr.infd.edu.ar\/sitio\/?p=2512"},"modified":"2025-05-29T20:35:45","modified_gmt":"2025-05-29T23:35:45","slug":"dia-nacional-de-los-jardines-de-infantes-y-el-dia-de-la-maestra-jardinera","status":"publish","type":"post","link":"https:\/\/ifdvirasoro-crr.infd.edu.ar\/sitio\/dia-nacional-de-los-jardines-de-infantes-y-el-dia-de-la-maestra-jardinera\/","title":{"rendered":"D\u00eda Nacional de los Jardines de Infantes y el d\u00eda de la Maestra Jardinera"},"content":{"rendered":"\n<p>28 de Mayo<\/p>\n\n\n\n<p>El 28 de mayo, en nuestra instituci\u00f3n las alumnas de tercer a\u00f1o del Profesorado de Educaci\u00f3n Inicial, organizaron una merienda para las futuras maestras jardineras en el marco del D\u00eda Nacional de los Jardines de Infantes y el D\u00eda de la Maestra Jardinera.<br>En el encuentro participaron algunos profesores de la carrera, la Rectora, la Coordinadora de Pol\u00edticas Estudiantiles y la Coordinadora de la Carrera. Adem\u00e1s de compartir una rica merienda, los profesores dedicaron palabras a las futuras maestras jardineras; y las alumnas relataron experiencias, an\u00e9cdotas vividas durante la pr\u00e1ctica y su residencia.<\/p>\n\n\n\n<figure class=\"wp-block-image size-full\"><img decoding=\"async\" loading=\"lazy\" width=\"1280\" height=\"854\" src=\"https:\/\/ifdvirasoro-crr.infd.edu.ar\/sitio\/wp-content\/uploads\/2025\/05\/F1-1.jpeg\" alt=\"\" class=\"wp-image-2513\" srcset=\"https:\/\/ifdvirasoro-crr.infd.edu.ar\/sitio\/wp-content\/uploads\/2025\/05\/F1-1.jpeg 1280w, https:\/\/ifdvirasoro-crr.infd.edu.ar\/sitio\/wp-content\/uploads\/2025\/05\/F1-1-1000x667.jpeg 1000w, https:\/\/ifdvirasoro-crr.infd.edu.ar\/sitio\/wp-content\/uploads\/2025\/05\/F1-1-768x512.jpeg 768w\" sizes=\"(max-width: 1280px) 100vw, 1280px\" \/><\/figure>\n","protected":false},"excerpt":{"rendered":"<p>28 de Mayo El 28 de mayo, en nuestra instituci\u00f3n las alumnas de tercer a\u00f1o del Profesorado de Educaci\u00f3n Inicial, organizaron una merienda para las futuras maestras jardineras en el marco del D\u00eda Nacional de los Jardines de Infantes y el D\u00eda de la Maestra Jardinera.En el encuentro participaron algunos profesores de la carrera, la &#8230; <a title=\"D\u00eda Nacional de los Jardines de Infantes y el d\u00eda de la Maestra Jardinera\" class=\"read-more\" href=\"https:\/\/ifdvirasoro-crr.infd.edu.ar\/sitio\/dia-nacional-de-los-jardines-de-infantes-y-el-dia-de-la-maestra-jardinera\/\" aria-label=\"More on D\u00eda Nacional de los Jardines de Infantes y el d\u00eda de la Maestra Jardinera\">[+]<\/a><\/p>\n","protected":false},"author":561,"featured_media":2514,"comment_status":"open","ping_status":"open","sticky":false,"template":"","format":"standard","meta":[],"categories":[1],"tags":[],"acf":[],"_links":{"self":[{"href":"https:\/\/ifdvirasoro-crr.infd.edu.ar\/sitio\/wp-json\/wp\/v2\/posts\/2512"}],"collection":[{"href":"https:\/\/ifdvirasoro-crr.infd.edu.ar\/sitio\/wp-json\/wp\/v2\/posts"}],"about":[{"href":"https:\/\/ifdvirasoro-crr.infd.edu.ar\/sitio\/wp-json\/wp\/v2\/types\/post"}],"author":[{"embeddable":true,"href":"https:\/\/ifdvirasoro-crr.infd.edu.ar\/sitio\/wp-json\/wp\/v2\/users\/561"}],"replies":[{"embeddable":true,"href":"https:\/\/ifdvirasoro-crr.infd.edu.ar\/sitio\/wp-json\/wp\/v2\/comments?post=2512"}],"version-history":[{"count":1,"href":"https:\/\/ifdvirasoro-crr.infd.edu.ar\/sitio\/wp-json\/wp\/v2\/posts\/2512\/revisions"}],"predecessor-version":[{"id":2515,"href":"https:\/\/ifdvirasoro-crr.infd.edu.ar\/sitio\/wp-json\/wp\/v2\/posts\/2512\/revisions\/2515"}],"wp:featuredmedia":[{"embeddable":true,"href":"https:\/\/ifdvirasoro-crr.infd.edu.ar\/sitio\/wp-json\/wp\/v2\/media\/2514"}],"wp:attachment":[{"href":"https:\/\/ifdvirasoro-crr.infd.edu.ar\/sitio\/wp-json\/wp\/v2\/media?parent=2512"}],"wp:term":[{"taxonomy":"category","embeddable":true,"href":"https:\/\/ifdvirasoro-crr.infd.edu.ar\/sitio\/wp-json\/wp\/v2\/categories?post=2512"},{"taxonomy":"post_tag","embeddable":true,"href":"https:\/\/ifdvirasoro-crr.infd.edu.ar\/sitio\/wp-json\/wp\/v2\/tags?post=2512"}],"curies":[{"name":"wp","href":"https:\/\/api.w.org\/{rel}","templated":true}]}}